{"id":112,"date":"2024-01-04T19:48:33","date_gmt":"2024-01-04T18:48:33","guid":{"rendered":"https:\/\/ermekeilinitiative.de\/repaircafe\/?p=112"},"modified":"2024-01-04T19:48:33","modified_gmt":"2024-01-04T18:48:33","slug":"weihnachtsessen-der-bonner-repair-cafes-2023","status":"publish","type":"post","link":"https:\/\/ermekeilinitiative.de\/repaircafe\/2024\/01\/04\/weihnachtsessen-der-bonner-repair-cafes-2023\/","title":{"rendered":"Weihnachtsessen der Bonner Repair Caf\u00e9s 2023"},"content":{"rendered":"\n<p><strong>Am Donnerstag, den 21. Dezember 2023 fand das gemeinsame Weihnachtsessen der Bonner Repair Caf\u00e9s bei der Ermekeilinitiative statt. F\u00fcr die Reparierer*innen  stellte dies eine willkommene Gelegenheit dar, sich \u00fcber das vergangene Jahr und neue Projekte f\u00fcr 2024 auszutauschen.<\/strong><\/p>\n\n\n\n<p>Eingeladen waren alle Aktiven der Bonner Repair Caf\u00e9s, des Maker Space Bonn und der Leihbar Bonn. Wie im letzten Jahr wurde von Akil Azzim und flei\u00dfigen Helfer*innen ein mehrg\u00e4ngiges Weihnachtsmen\u00fc gezaubert.<\/p>\n\n\n<div class=\"wp-block-image\">\n<figure class=\"aligncenter size-large\"><img loading=\"lazy\" decoding=\"async\" width=\"768\" height=\"1024\" src=\"https:\/\/ermekeilinitiative.de\/repaircafe\/wp-content\/uploads\/2024\/01\/Weihnachtsessen_2024_Menue-768x1024.jpg\" alt=\"\" class=\"wp-image-892\" srcset=\"https:\/\/ermekeilinitiative.de\/repaircafe\/wp-content\/uploads\/2024\/01\/Weihnachtsessen_2024_Menue-768x1024.jpg 768w, https:\/\/ermekeilinitiative.de\/repaircafe\/wp-content\/uploads\/2024\/01\/Weihnachtsessen_2024_Menue-225x300.jpg 225w, https:\/\/ermekeilinitiative.de\/repaircafe\/wp-content\/uploads\/2024\/01\/Weihnachtsessen_2024_Menue-1152x1536.jpg 1152w, https:\/\/ermekeilinitiative.de\/repaircafe\/wp-content\/uploads\/2024\/01\/Weihnachtsessen_2024_Menue-1536x2048.jpg 1536w, https:\/\/ermekeilinitiative.de\/repaircafe\/wp-content\/uploads\/2024\/01\/Weihnachtsessen_2024_Menue-640x853.jpg 640w, https:\/\/ermekeilinitiative.de\/repaircafe\/wp-content\/uploads\/2024\/01\/Weihnachtsessen_2024_Menue-1024x1365.jpg 1024w, https:\/\/ermekeilinitiative.de\/repaircafe\/wp-content\/uploads\/2024\/01\/Weihnachtsessen_2024_Menue-1200x1600.jpg 1200w, https:\/\/ermekeilinitiative.de\/repaircafe\/wp-content\/uploads\/2024\/01\/Weihnachtsessen_2024_Menue.jpg 1920w\" sizes=\"auto, (max-width: 639px) 98vw, (max-width: 1199px) 64vw, 768px\" \/><figcaption class=\"wp-element-caption\">Weihnachtsmen\u00fc<\/figcaption><\/figure>\n<\/div>\n\n\n<p>F\u00fcr die Arbeitsgemeinschaft der Bonner Repair Caf\u00e9s war 2023 ein sehr erfolgreiches Jahr. Mehrere Repair Caf\u00e9s wurden neu er\u00f6ffnet wie zum Beispiel an der M\u00fcllverbrennungsanlage (MVA) im M\u00e4rz. Dar\u00fcber hinaus wurde eine ganze Reihe Veranstaltungen neben den regul\u00e4ren Reparatur-Terminen erfolgreich durchgef\u00fchrt wie etwa die Teilnahme beim Nachhaltigkeitsfestival &#8222;Bonn \u2013 Rundum nachhaltig&#8220; im September.<\/p>\n\n\n\n<p>In gem\u00fctlicher Runde und bei vier G\u00e4ngen Essen nutzten viele Reparierer*innen die Gelegenheit sich neben den Erlebnissen aus 2023 und den Pl\u00e4nen f\u00fcr 2024 auch einmal \u00fcber private Themen auszutauschen und die Teams anderer Repair Caf\u00e9s n\u00e4her kennen zu lernen.<\/p>\n\n\n<div class=\"wp-block-image\">\n<figure class=\"aligncenter size-large\"><img loading=\"lazy\" decoding=\"async\" width=\"1024\" height=\"768\" src=\"https:\/\/ermekeilinitiative.de\/repaircafe\/wp-content\/uploads\/2024\/01\/Weihnachtsessen_2024_Team-1024x768.jpg\" alt=\"\" class=\"wp-image-893\" srcset=\"https:\/\/ermekeilinitiative.de\/repaircafe\/wp-content\/uploads\/2024\/01\/Weihnachtsessen_2024_Team-1024x768.jpg 1024w, https:\/\/ermekeilinitiative.de\/repaircafe\/wp-content\/uploads\/2024\/01\/Weihnachtsessen_2024_Team-300x225.jpg 300w, https:\/\/ermekeilinitiative.de\/repaircafe\/wp-content\/uploads\/2024\/01\/Weihnachtsessen_2024_Team-768x576.jpg 768w, https:\/\/ermekeilinitiative.de\/repaircafe\/wp-content\/uploads\/2024\/01\/Weihnachtsessen_2024_Team-1536x1152.jpg 1536w, https:\/\/ermekeilinitiative.de\/repaircafe\/wp-content\/uploads\/2024\/01\/Weihnachtsessen_2024_Team-2048x1536.jpg 2048w, https:\/\/ermekeilinitiative.de\/repaircafe\/wp-content\/uploads\/2024\/01\/Weihnachtsessen_2024_Team-640x480.jpg 640w, https:\/\/ermekeilinitiative.de\/repaircafe\/wp-content\/uploads\/2024\/01\/Weihnachtsessen_2024_Team-1200x900.jpg 1200w, https:\/\/ermekeilinitiative.de\/repaircafe\/wp-content\/uploads\/2024\/01\/Weihnachtsessen_2024_Team-1920x1440.jpg 1920w\" sizes=\"auto, (max-width: 639px) 98vw, (max-width: 1199px) 64vw, 770px\" \/><figcaption class=\"wp-element-caption\">Akil Azzim (Mitte) mit Kristian Golla und Ludwig F\u00f6rster von der Ermekeilinitiative e.V. <\/figcaption><\/figure>\n<\/div>\n\n\n<p>Schlie\u00dflich konnten alle Teilnehmer*innen auf viele erfolgreiche Reparaturen im letzten Jahr zur\u00fcck blicken. F\u00fcr alle Beteiligten ist das eine Best\u00e4tigung und Motivation auch in 2024 wieder flei\u00dfig Dinge zu reparieren in den Bonner Repair Caf\u00e9s.<\/p>\n\n\n\n<p>Im <a href=\"https:\/\/www.repaircafesbonn.de\/termine\/\">Terminkalender der Bonner Repair Caf\u00e9s<\/a> finden sich alle kommenden Repair Caf\u00e9-Termine in ganz Bonn.<\/p>\n","protected":false},"excerpt":{"rendered":"<p>Am Donnerstag, den 21. Dezember 2023 fand das gemeinsame Weihnachtsessen der Bonner Repair Caf\u00e9s bei der Ermekeilinitiative statt. F\u00fcr die Reparierer*innen stellte dies eine willkommene Gelegenheit dar, sich \u00fcber das vergangene Jahr und neue Projekte f\u00fcr 2024 auszutauschen. Eingeladen waren alle Aktiven der Bonner Repair Caf\u00e9s, des Maker Space Bonn und der Leihbar Bonn. Wie [&hellip;]<\/p>\n","protected":false},"author":1,"featured_media":0,"comment_status":"open","ping_status":"open","sticky":false,"template":"","format":"standard","meta":{"footnotes":""},"categories":[1],"tags":[5,3,4],"class_list":["post-112","post","type-post","status-publish","format-standard","hentry","category-allgemein","tag-bonn","tag-repair-cafe","tag-weihnachtsessen"],"_links":{"self":[{"href":"https:\/\/ermekeilinitiative.de\/repaircafe\/wp-json\/wp\/v2\/posts\/112","targetHints":{"allow":["GET"]}}],"collection":[{"href":"https:\/\/ermekeilinitiative.de\/repaircafe\/wp-json\/wp\/v2\/posts"}],"about":[{"href":"https:\/\/ermekeilinitiative.de\/repaircafe\/wp-json\/wp\/v2\/types\/post"}],"author":[{"embeddable":true,"href":"https:\/\/ermekeilinitiative.de\/repaircafe\/wp-json\/wp\/v2\/users\/1"}],"replies":[{"embeddable":true,"href":"https:\/\/ermekeilinitiative.de\/repaircafe\/wp-json\/wp\/v2\/comments?post=112"}],"version-history":[{"count":9,"href":"https:\/\/ermekeilinitiative.de\/repaircafe\/wp-json\/wp\/v2\/posts\/112\/revisions"}],"predecessor-version":[{"id":121,"href":"https:\/\/ermekeilinitiative.de\/repaircafe\/wp-json\/wp\/v2\/posts\/112\/revisions\/121"}],"wp:attachment":[{"href":"https:\/\/ermekeilinitiative.de\/repaircafe\/wp-json\/wp\/v2\/media?parent=112"}],"wp:term":[{"taxonomy":"category","embeddable":true,"href":"https:\/\/ermekeilinitiative.de\/repaircafe\/wp-json\/wp\/v2\/categories?post=112"},{"taxonomy":"post_tag","embeddable":true,"href":"https:\/\/ermekeilinitiative.de\/repaircafe\/wp-json\/wp\/v2\/tags?post=112"}],"curies":[{"name":"wp","href":"https:\/\/api.w.org\/{rel}","templated":true}]}}